{"id":119,"date":"2019-01-12T18:22:01","date_gmt":"2019-01-12T18:22:01","guid":{"rendered":"http:\/\/www.karer.at\/?p=119"},"modified":"2019-01-13T08:37:09","modified_gmt":"2019-01-13T08:37:09","slug":"samsung-anyweb","status":"publish","type":"post","link":"https:\/\/www.karer.at\/?p=119","title":{"rendered":"Samsung Anyweb"},"content":{"rendered":"<p>Das Samsung Anyweb Internet Telefon wurde in \u00d6sterreich von Libro um ATS 14.990 (\u20ac 1090) verkauft.<br \/>\nBei Abschluss eines Internet Abos um ATS 259,- pro Monat (\u20ac 18,82) f\u00fcr 36 Monate reduzierte sich der Ger\u00e4tekaufpreis auf ATS 990,- (\u20ac 71,95).<br \/>\nMarkteinf\u00fchrung in \u00d6sterreich: 20. Juni 2000<!--more--><\/p>\n<p>Herstellerbezeichnung lt. Typenschild:Samsung WPS1C<\/p>\n<p>Ende der 90er und in den fr\u00fchen 2000er Jahren versuchte Libro innovativ zu sein und wollte ein einfaches Produkt f\u00fcr den schnellen Online-Einkauf auf Lion.cc auf den Markt bringen.<\/p>\n<p>Zu dieser Zeit war Samsung als Marke in \u00d6sterreich noch nicht sehr bekannt.<br \/>\nBei den Tragbaren Telefonen waren die wichtigsten Marken Nokia, Ericsson, Sony und Motorola.<\/p>\n<p>Das Samsung Anyweb Internettelefon hatte eine ISDN Buchse eingebaut und konnte somit an jeden \u00d6sterreichischen ISDN Anschluss (EURO ISDN) betrieben werden. Ein analoges Modem war nicht eingebaut.<\/p>\n<p>Der eingebaute Browser und Email Client war allerdings sehr spartanisch ausgestattet:<\/p>\n<ul>\n<li>Der Internet Browser unterst\u00fctzt HTML 3.2 und 4.0, SSL 3.0, HTTP 1.1, Forms<\/li>\n<li>JavaScript und JAVA Applet Support mit Einschr\u00e4nkungen des Speichers und des TouchScreens.<\/li>\n<li>Es werden keine PlugIns und keine Audio\/Video Formate unterst\u00fctzt.<\/li>\n<li>Es ist ein POP3 E-Mail Client integriert (speichert ca. 30 Mails abh\u00e4ngig von der Textl\u00e4nge)<\/li>\n<li>Es k\u00f6nnen Text und JPEG Anlagen gelesen und gespeichert werden. Andere Formate werden nicht mit auf das AnyWeb \u00fcbertragen.<\/li>\n<\/ul>\n<h4>Weitere Daten des Ger\u00e4tes:<\/h4>\n<ul>\n<li>Prozessor: SA 1100<\/li>\n<li>Memory: Ram 32MB<\/li>\n<li>ISDN Komfort-Telefon mit den ISDN Leistungsmerkmalen<\/li>\n<li>Rufnummeranzeige (Ein- und Ausgehend)<\/li>\n<li>Rufumleitung<\/li>\n<li>Dreier Konferenz<\/li>\n<li>Anklopfen bei Besetzt und R\u00fcckruf bei Besetzt<\/li>\n<li>Anruf Log Anzeige aller eingehenden und ausgehenden Anrufe<\/li>\n<li>Integriertes Telefonbuch mit Speicherplatz f\u00fcr 100 Adressen und Telefonnummern<\/li>\n<li>Touch and Phone, Schnellwahl \u00fcber eine Ber\u00fchrung auf dem Display<\/li>\n<li>Internet-Anschlu\u00df \u00fcber ISDN oder ADSL<\/li>\n<li>Eigene e-mail Adresse (abh\u00e4ngig vom Serviceprovider)<\/li>\n<li>21 cm Touch Screen Bildschirm (8,2&#8220;)<\/li>\n<li>ausziehbare Tastatur f\u00fcr bequemes Schreiben<\/li>\n<\/ul>\n<h4>Aus dem damaligen Werbetext:<\/h4>\n<p><em>Die Leistungsmerkmale eines ISDN Komforttelefones verbindet das Anyweb von Samsung mit den Vorteilen eines integrierten E-Mail Clients und einem HTML Internetbrowser als Informationssystem. Das Anyweb von Samsung verbindet alle gewohnten Annehmlichkeiten eines ISDN Komfort-Telefons f\u00fcr ISDN S0 Basisanschl\u00fcsse.<\/em><\/p>\n<p><em>Der schnelle Weg ins Internet mit ISDN<\/em><br \/>\n<em>Das Anyweb von Samsung ist derzeit das modernste Web-Phone am Markt. Die einzige Voraussetzung ist ein ISDN-Basis-Ans<\/em><em>chlu\u00df. \u00dcber die integrierte ISDN-Schnittstelle k\u00f6nnen Sie gleichzeitig telefonieren, e-mails senden und empfangen und im Internet arbeiten.<\/em><\/p>\n<p>Tats\u00e4chlich war es so, dass das Ger\u00e4t wirklich an jedem ISDN Anschluss sofort Online gegangen ist, man brauchte keinen Vertrag mit einem Netzbetreiber, die Internetkosten wurden einfach \u00fcber die Telefonrechnung abgerechnet.<\/p>\n<p>Dank ISDN konnte man sogar gleichzeitig Telefonieren UND im Internet Surfen.<\/p>\n<p>Der eingebaute Prozessor war der SA-1100 eine ARM CPU, urspr\u00fcnglich entwickelt von DEC und in erster Linie f\u00fcr Tragbare Ger\u00e4te wie PDAs gedacht.<br \/>\nEr hatte einen PCMCIA Controller f\u00fcr 2 Slots und einen eingebauten LCD Controller f\u00fcr das Farbdisplay.<br \/>\nAusserdem 5 (interne) serielle Ein\/Ausgabe Ports mit USB Controller, zwei RS232 Ports, eine Infrarotschnittstelle.<br \/>\nDer Prozessor wurde auch zb. in den Psion Series 7 Ger\u00e4ten und im Psion netBook verwendet.<\/p>\n<p>Die Samsung Anyweb Telefone waren f\u00fcr den \u00d6sterreichischen Markt vorkonfiguriert.<br \/>\nUm die Netzwerk \/ ISDN Einstellungen manuell durchzuf\u00fchren (zb. f\u00fcr den Betrieb in Deutschland) ist wie folgt vorzugehen:<\/p>\n<ol>\n<li>Mit dem beiliegenden Stift das Symbol Rotkreuzkoffer antippen.<\/li>\n<li>Es erscheinen die Men\u00fcpunkte: 1 Internet, 2 ISDN 3 System 4 Uhr<\/li>\n<li>mit der Tastatur nun folgenden Code eingeben: &#8222;3irp4n4t&#8220;<\/li>\n<li>Nun erscheinen acht neue Men\u00fcpunkte:<br \/>\n1 Netzwerk, 2 Internet, 3 ISDN, 4 System, 5 V-Mail, 6 Benutzer-Info, 7 E-Mail, 8 ISDN-Service<\/li>\n<li>Sollte das Ger\u00e4t nicht reagieren, versuchen sie den Code &#8222;wvpsetup&#8220;<\/li>\n<\/ol>\n<p>Weitere Men\u00fcs, zugang zum Extended Setup:<br \/>\nTaste:Ctrl-Fn-S<br \/>\nPasswort: &#8222;wvpsetup&#8220; (blind eingeben, da keine eingabebox)<\/p>\n<p>Weitere Passw\u00f6rter:<br \/>\n&#8222;WVPSETUP&#8220;<br \/>\n&#8222;npfuspsp&#8220;<br \/>\n&#8222;tcadetuk&#8220;<\/p>\n<p>Passwort f\u00fcr User-Infos:&#8220;SUPERKEY&#8220;<\/p>\n<p>&nbsp;<\/p>\n<p><a href=\"http:\/\/www.karer.at\/wp-content\/uploads\/2019\/01\/Samsung-Anyweb-ISDN-Telefon-Touchscreen-mit-Internet-_59.jpg\"><img decoding=\"async\" loading=\"lazy\" class=\"alignnone size-large wp-image-138\" src=\"http:\/\/www.karer.at\/wp-content\/uploads\/2019\/01\/Samsung-Anyweb-ISDN-Telefon-Touchscreen-mit-Internet-_59-1024x768.jpg\" alt=\"\" width=\"525\" height=\"394\" srcset=\"https:\/\/www.karer.at\/wp-content\/uploads\/2019\/01\/Samsung-Anyweb-ISDN-Telefon-Touchscreen-mit-Internet-_59-1024x768.jpg 1024w, https:\/\/www.karer.at\/wp-content\/uploads\/2019\/01\/Samsung-Anyweb-ISDN-Telefon-Touchscreen-mit-Internet-_59-300x225.jpg 300w, https:\/\/www.karer.at\/wp-content\/uploads\/2019\/01\/Samsung-Anyweb-ISDN-Telefon-Touchscreen-mit-Internet-_59-768x576.jpg 768w, https:\/\/www.karer.at\/wp-content\/uploads\/2019\/01\/Samsung-Anyweb-ISDN-Telefon-Touchscreen-mit-Internet-_59.jpg 1600w\" sizes=\"(max-width: 525px) 100vw, 525px\" \/><\/a> <a href=\"http:\/\/www.karer.at\/wp-content\/uploads\/2019\/01\/Samsung-Anyweb-ISDN-Telefon-Touchscreen-mit-Internet-_58.jpg\"><img decoding=\"async\" loading=\"lazy\" class=\"alignnone size-large wp-image-137\" src=\"http:\/\/www.karer.at\/wp-content\/uploads\/2019\/01\/Samsung-Anyweb-ISDN-Telefon-Touchscreen-mit-Internet-_58-1024x768.jpg\" alt=\"\" width=\"525\" height=\"394\" srcset=\"https:\/\/www.karer.at\/wp-content\/uploads\/2019\/01\/Samsung-Anyweb-ISDN-Telefon-Touchscreen-mit-Internet-_58-1024x768.jpg 1024w, https:\/\/www.karer.at\/wp-content\/uploads\/2019\/01\/Samsung-Anyweb-ISDN-Telefon-Touchscreen-mit-Internet-_58-300x225.jpg 300w, https:\/\/www.karer.at\/wp-content\/uploads\/2019\/01\/Samsung-Anyweb-ISDN-Telefon-Touchscreen-mit-Internet-_58-768x576.jpg 768w, https:\/\/www.karer.at\/wp-content\/uploads\/2019\/01\/Samsung-Anyweb-ISDN-Telefon-Touchscreen-mit-Internet-_58.jpg 1600w\" sizes=\"(max-width: 525px) 100vw, 525px\" \/><\/a> <a href=\"http:\/\/www.karer.at\/wp-content\/uploads\/2019\/01\/Samsung-Anyweb-ISDN-Telefon-Touchscreen-mit-Internet-_57.jpg\"><img decoding=\"async\" loading=\"lazy\" class=\"alignnone size-large wp-image-136\" src=\"http:\/\/www.karer.at\/wp-content\/uploads\/2019\/01\/Samsung-Anyweb-ISDN-Telefon-Touchscreen-mit-Internet-_57-1024x768.jpg\" alt=\"\" width=\"525\" height=\"394\" srcset=\"https:\/\/www.karer.at\/wp-content\/uploads\/2019\/01\/Samsung-Anyweb-ISDN-Telefon-Touchscreen-mit-Internet-_57-1024x768.jpg 1024w, https:\/\/www.karer.at\/wp-content\/uploads\/2019\/01\/Samsung-Anyweb-ISDN-Telefon-Touchscreen-mit-Internet-_57-300x225.jpg 300w, https:\/\/www.karer.at\/wp-content\/uploads\/2019\/01\/Samsung-Anyweb-ISDN-Telefon-Touchscreen-mit-Internet-_57-768x576.jpg 768w, https:\/\/www.karer.at\/wp-content\/uploads\/2019\/01\/Samsung-Anyweb-ISDN-Telefon-Touchscreen-mit-Internet-_57.jpg 1600w\" sizes=\"(max-width: 525px) 100vw, 525px\" \/><\/a> <a href=\"http:\/\/www.karer.at\/wp-content\/uploads\/2019\/01\/Samsung-Anyweb-ISDN-Telefon-Touchscreen-mit-Internet-_56.jpg\"><img decoding=\"async\" loading=\"lazy\" class=\"alignnone size-large wp-image-135\" src=\"http:\/\/www.karer.at\/wp-content\/uploads\/2019\/01\/Samsung-Anyweb-ISDN-Telefon-Touchscreen-mit-Internet-_56-1024x768.jpg\" alt=\"\" width=\"525\" height=\"394\" srcset=\"https:\/\/www.karer.at\/wp-content\/uploads\/2019\/01\/Samsung-Anyweb-ISDN-Telefon-Touchscreen-mit-Internet-_56-1024x768.jpg 1024w, https:\/\/www.karer.at\/wp-content\/uploads\/2019\/01\/Samsung-Anyweb-ISDN-Telefon-Touchscreen-mit-Internet-_56-300x225.jpg 300w, https:\/\/www.karer.at\/wp-content\/uploads\/2019\/01\/Samsung-Anyweb-ISDN-Telefon-Touchscreen-mit-Internet-_56-768x576.jpg 768w, https:\/\/www.karer.at\/wp-content\/uploads\/2019\/01\/Samsung-Anyweb-ISDN-Telefon-Touchscreen-mit-Internet-_56.jpg 1600w\" sizes=\"(max-width: 525px) 100vw, 525px\" \/><\/a> <a href=\"http:\/\/www.karer.at\/wp-content\/uploads\/2019\/01\/Samsung-Anyweb-ISDN-Telefon-Touchscreen-mit-Internet.jpg\"><img decoding=\"async\" loading=\"lazy\" class=\"alignnone size-large wp-image-134\" src=\"http:\/\/www.karer.at\/wp-content\/uploads\/2019\/01\/Samsung-Anyweb-ISDN-Telefon-Touchscreen-mit-Internet-1024x767.jpg\" alt=\"\" width=\"525\" height=\"393\" srcset=\"https:\/\/www.karer.at\/wp-content\/uploads\/2019\/01\/Samsung-Anyweb-ISDN-Telefon-Touchscreen-mit-Internet-1024x767.jpg 1024w, https:\/\/www.karer.at\/wp-content\/uploads\/2019\/01\/Samsung-Anyweb-ISDN-Telefon-Touchscreen-mit-Internet-300x225.jpg 300w, https:\/\/www.karer.at\/wp-content\/uploads\/2019\/01\/Samsung-Anyweb-ISDN-Telefon-Touchscreen-mit-Internet-768x575.jpg 768w, https:\/\/www.karer.at\/wp-content\/uploads\/2019\/01\/Samsung-Anyweb-ISDN-Telefon-Touchscreen-mit-Internet.jpg 1600w\" sizes=\"(max-width: 525px) 100vw, 525px\" \/><\/a> <a href=\"http:\/\/www.karer.at\/wp-content\/uploads\/2019\/01\/Samsung-Anyweb-ISDN-Telefon-Touchscreen-mit-Internet-58.jpg\"><img decoding=\"async\" loading=\"lazy\" class=\"alignnone size-large wp-image-133\" src=\"http:\/\/www.karer.at\/wp-content\/uploads\/2019\/01\/Samsung-Anyweb-ISDN-Telefon-Touchscreen-mit-Internet-58-1024x768.jpg\" alt=\"\" width=\"525\" height=\"394\" srcset=\"https:\/\/www.karer.at\/wp-content\/uploads\/2019\/01\/Samsung-Anyweb-ISDN-Telefon-Touchscreen-mit-Internet-58-1024x768.jpg 1024w, https:\/\/www.karer.at\/wp-content\/uploads\/2019\/01\/Samsung-Anyweb-ISDN-Telefon-Touchscreen-mit-Internet-58-300x225.jpg 300w, https:\/\/www.karer.at\/wp-content\/uploads\/2019\/01\/Samsung-Anyweb-ISDN-Telefon-Touchscreen-mit-Internet-58-768x576.jpg 768w, https:\/\/www.karer.at\/wp-content\/uploads\/2019\/01\/Samsung-Anyweb-ISDN-Telefon-Touchscreen-mit-Internet-58.jpg 1600w\" sizes=\"(max-width: 525px) 100vw, 525px\" \/><\/a> <a href=\"http:\/\/www.karer.at\/wp-content\/uploads\/2019\/01\/Samsung-Anyweb-Typenschild.jpg\"><img decoding=\"async\" loading=\"lazy\" class=\"alignnone size-large wp-image-132\" src=\"http:\/\/www.karer.at\/wp-content\/uploads\/2019\/01\/Samsung-Anyweb-Typenschild-1024x576.jpg\" alt=\"\" width=\"525\" height=\"295\" srcset=\"https:\/\/www.karer.at\/wp-content\/uploads\/2019\/01\/Samsung-Anyweb-Typenschild.jpg 1024w, https:\/\/www.karer.at\/wp-content\/uploads\/2019\/01\/Samsung-Anyweb-Typenschild-300x169.jpg 300w, https:\/\/www.karer.at\/wp-content\/uploads\/2019\/01\/Samsung-Anyweb-Typenschild-768x432.jpg 768w\" sizes=\"(max-width: 525px) 100vw, 525px\" \/><\/a> <a href=\"http:\/\/www.karer.at\/wp-content\/uploads\/2019\/01\/Samsung-Anyweb-Libro.jpg\"><img decoding=\"async\" loading=\"lazy\" class=\"alignnone size-full wp-image-131\" src=\"http:\/\/www.karer.at\/wp-content\/uploads\/2019\/01\/Samsung-Anyweb-Libro.jpg\" alt=\"\" width=\"558\" height=\"481\" srcset=\"https:\/\/www.karer.at\/wp-content\/uploads\/2019\/01\/Samsung-Anyweb-Libro.jpg 558w, https:\/\/www.karer.at\/wp-content\/uploads\/2019\/01\/Samsung-Anyweb-Libro-300x259.jpg 300w\" sizes=\"(max-width: 558px) 100vw, 558px\" \/><\/a> <a href=\"http:\/\/www.karer.at\/wp-content\/uploads\/2019\/01\/Samsung-Anyweb-Handbuch.jpg\"><img decoding=\"async\" loading=\"lazy\" class=\"alignnone size-full wp-image-130\" src=\"http:\/\/www.karer.at\/wp-content\/uploads\/2019\/01\/Samsung-Anyweb-Handbuch.jpg\" alt=\"\" width=\"281\" height=\"375\" srcset=\"https:\/\/www.karer.at\/wp-content\/uploads\/2019\/01\/Samsung-Anyweb-Handbuch.jpg 281w, https:\/\/www.karer.at\/wp-content\/uploads\/2019\/01\/Samsung-Anyweb-Handbuch-225x300.jpg 225w\" sizes=\"(max-width: 281px) 100vw, 281px\" \/><\/a> <a href=\"http:\/\/www.karer.at\/wp-content\/uploads\/2019\/01\/Samsung-Anyweb-Inbetriebnahmehinweise.jpg\"><img decoding=\"async\" loading=\"lazy\" class=\"alignnone size-full wp-image-129\" src=\"http:\/\/www.karer.at\/wp-content\/uploads\/2019\/01\/Samsung-Anyweb-Inbetriebnahmehinweise.jpg\" alt=\"\" width=\"728\" height=\"551\" srcset=\"https:\/\/www.karer.at\/wp-content\/uploads\/2019\/01\/Samsung-Anyweb-Inbetriebnahmehinweise.jpg 728w, https:\/\/www.karer.at\/wp-content\/uploads\/2019\/01\/Samsung-Anyweb-Inbetriebnahmehinweise-300x227.jpg 300w\" sizes=\"(max-width: 728px) 100vw, 728px\" \/><\/a> <a href=\"http:\/\/www.karer.at\/wp-content\/uploads\/2019\/01\/Samsung-Anyweb-Inbetriebnahmehinweise-2.jpg\"><img decoding=\"async\" loading=\"lazy\" class=\"alignnone size-full wp-image-128\" src=\"http:\/\/www.karer.at\/wp-content\/uploads\/2019\/01\/Samsung-Anyweb-Inbetriebnahmehinweise-2.jpg\" alt=\"\" width=\"411\" height=\"547\" srcset=\"https:\/\/www.karer.at\/wp-content\/uploads\/2019\/01\/Samsung-Anyweb-Inbetriebnahmehinweise-2.jpg 411w, https:\/\/www.karer.at\/wp-content\/uploads\/2019\/01\/Samsung-Anyweb-Inbetriebnahmehinweise-2-225x300.jpg 225w\" sizes=\"(max-width: 411px) 100vw, 411px\" \/><\/a> <a href=\"http:\/\/www.karer.at\/wp-content\/uploads\/2019\/01\/samsung-anyweb-6.jpg\"><img decoding=\"async\" loading=\"lazy\" class=\"alignnone size-full wp-image-127\" src=\"http:\/\/www.karer.at\/wp-content\/uploads\/2019\/01\/samsung-anyweb-6.jpg\" alt=\"\" width=\"718\" height=\"550\" srcset=\"https:\/\/www.karer.at\/wp-content\/uploads\/2019\/01\/samsung-anyweb-6.jpg 718w, https:\/\/www.karer.at\/wp-content\/uploads\/2019\/01\/samsung-anyweb-6-300x230.jpg 300w\" sizes=\"(max-width: 718px) 100vw, 718px\" \/><\/a> <a href=\"http:\/\/www.karer.at\/wp-content\/uploads\/2019\/01\/samsung-anyweb-5.jpg\"><img decoding=\"async\" loading=\"lazy\" class=\"alignnone size-full wp-image-126\" src=\"http:\/\/www.karer.at\/wp-content\/uploads\/2019\/01\/samsung-anyweb-5.jpg\" alt=\"\" width=\"575\" height=\"424\" srcset=\"https:\/\/www.karer.at\/wp-content\/uploads\/2019\/01\/samsung-anyweb-5.jpg 575w, https:\/\/www.karer.at\/wp-content\/uploads\/2019\/01\/samsung-anyweb-5-300x221.jpg 300w\" sizes=\"(max-width: 575px) 100vw, 575px\" \/><\/a> <a href=\"http:\/\/www.karer.at\/wp-content\/uploads\/2019\/01\/samsung-anyweb-4.jpg\"><img decoding=\"async\" loading=\"lazy\" class=\"alignnone size-full wp-image-125\" src=\"http:\/\/www.karer.at\/wp-content\/uploads\/2019\/01\/samsung-anyweb-4.jpg\" alt=\"\" width=\"737\" height=\"497\" srcset=\"https:\/\/www.karer.at\/wp-content\/uploads\/2019\/01\/samsung-anyweb-4.jpg 737w, https:\/\/www.karer.at\/wp-content\/uploads\/2019\/01\/samsung-anyweb-4-300x202.jpg 300w\" sizes=\"(max-width: 737px) 100vw, 737px\" \/><\/a> <a href=\"http:\/\/www.karer.at\/wp-content\/uploads\/2019\/01\/samsung-anyweb-3.jpg\"><img decoding=\"async\" loading=\"lazy\" class=\"alignnone size-full wp-image-124\" src=\"http:\/\/www.karer.at\/wp-content\/uploads\/2019\/01\/samsung-anyweb-3.jpg\" alt=\"\" width=\"734\" height=\"450\" srcset=\"https:\/\/www.karer.at\/wp-content\/uploads\/2019\/01\/samsung-anyweb-3.jpg 734w, https:\/\/www.karer.at\/wp-content\/uploads\/2019\/01\/samsung-anyweb-3-300x184.jpg 300w\" sizes=\"(max-width: 734px) 100vw, 734px\" \/><\/a> <a href=\"http:\/\/www.karer.at\/wp-content\/uploads\/2019\/01\/samsung-anyweb-2.jpg\"><img decoding=\"async\" loading=\"lazy\" class=\"alignnone size-full wp-image-123\" src=\"http:\/\/www.karer.at\/wp-content\/uploads\/2019\/01\/samsung-anyweb-2.jpg\" alt=\"\" width=\"739\" height=\"463\" srcset=\"https:\/\/www.karer.at\/wp-content\/uploads\/2019\/01\/samsung-anyweb-2.jpg 739w, https:\/\/www.karer.at\/wp-content\/uploads\/2019\/01\/samsung-anyweb-2-300x188.jpg 300w\" sizes=\"(max-width: 739px) 100vw, 739px\" \/><\/a> <a href=\"http:\/\/www.karer.at\/wp-content\/uploads\/2019\/01\/samsung-anyweb-1.jpg\"><img decoding=\"async\" loading=\"lazy\" class=\"alignnone size-full wp-image-122\" src=\"http:\/\/www.karer.at\/wp-content\/uploads\/2019\/01\/samsung-anyweb-1.jpg\" alt=\"\" width=\"749\" height=\"459\" srcset=\"https:\/\/www.karer.at\/wp-content\/uploads\/2019\/01\/samsung-anyweb-1.jpg 749w, https:\/\/www.karer.at\/wp-content\/uploads\/2019\/01\/samsung-anyweb-1-300x184.jpg 300w\" sizes=\"(max-width: 749px) 100vw, 749px\" \/><\/a><\/p>\n<p>1 Exemplar dieses Ger\u00e4tes steht in einem Norwegischen Telekommuniktions-Museum<br \/>\n<a href=\"https:\/\/www.europeana.eu\/portal\/no\/record\/2022608\/TELE_TELE_TKU_7476.html\">https:\/\/www.europeana.eu\/portal\/no\/record\/2022608\/TELE_TELE_TKU_7476.html<\/a><\/p>\n<p><a href=\"https:\/\/digitaltmuseum.no\/011025231118\/telefon\">https:\/\/digitaltmuseum.no\/011025231118\/telefon<\/a><\/p>\n<p>&nbsp;<\/p>\n","protected":false},"excerpt":{"rendered":"<p>Das Samsung Anyweb Internet Telefon wurde in \u00d6sterreich von Libro um ATS 14.990 (\u20ac 1090) verkauft. Bei Abschluss eines Internet Abos um ATS 259,- pro Monat (\u20ac 18,82) f\u00fcr 36 Monate reduzierte sich der Ger\u00e4tekaufpreis auf ATS 990,- (\u20ac 71,95). Markteinf\u00fchrung in \u00d6sterreich: 20. Juni 2000<\/p>\n","protected":false},"author":1,"featured_media":134,"comment_status":"open","ping_status":"open","sticky":false,"template":"","format":"standard","meta":[],"categories":[5],"tags":[10],"_links":{"self":[{"href":"https:\/\/www.karer.at\/index.php?rest_route=\/wp\/v2\/posts\/119"}],"collection":[{"href":"https:\/\/www.karer.at\/index.php?rest_route=\/wp\/v2\/posts"}],"about":[{"href":"https:\/\/www.karer.at\/index.php?rest_route=\/wp\/v2\/types\/post"}],"author":[{"embeddable":true,"href":"https:\/\/www.karer.at\/index.php?rest_route=\/wp\/v2\/users\/1"}],"replies":[{"embeddable":true,"href":"https:\/\/www.karer.at\/index.php?rest_route=%2Fwp%2Fv2%2Fcomments&post=119"}],"version-history":[{"count":15,"href":"https:\/\/www.karer.at\/index.php?rest_route=\/wp\/v2\/posts\/119\/revisions"}],"predecessor-version":[{"id":140,"href":"https:\/\/www.karer.at\/index.php?rest_route=\/wp\/v2\/posts\/119\/revisions\/140"}],"wp:featuredmedia":[{"embeddable":true,"href":"https:\/\/www.karer.at\/index.php?rest_route=\/wp\/v2\/media\/134"}],"wp:attachment":[{"href":"https:\/\/www.karer.at\/index.php?rest_route=%2Fwp%2Fv2%2Fmedia&parent=119"}],"wp:term":[{"taxonomy":"category","embeddable":true,"href":"https:\/\/www.karer.at\/index.php?rest_route=%2Fwp%2Fv2%2Fcategories&post=119"},{"taxonomy":"post_tag","embeddable":true,"href":"https:\/\/www.karer.at\/index.php?rest_route=%2Fwp%2Fv2%2Ftags&post=119"}],"curies":[{"name":"wp","href":"https:\/\/api.w.org\/{rel}","templated":true}]}}